{"id":1062,"date":"2014-04-27T23:45:40","date_gmt":"2014-04-27T22:45:40","guid":{"rendered":"http:\/\/www.gillespichavant.com\/blog\/?p=1062"},"modified":"2014-09-08T08:29:42","modified_gmt":"2014-09-08T07:29:42","slug":"le-journal-francais-le-plus-lu-a-letranger-nest-jamais-cite-dans-les-medias","status":"publish","type":"post","link":"https:\/\/www.gillespichavant.com\/blog\/2014\/04\/27\/le-journal-francais-le-plus-lu-a-letranger-nest-jamais-cite-dans-les-medias\/","title":{"rendered":"Le journal fran\u00e7ais le plus lu \u00e0 l&rsquo;\u00e9tranger, n&rsquo;est jamais cit\u00e9 dans les m\u00e9dias"},"content":{"rendered":"<div class=\"fblike_button\" style=\"margin: 10px 0;\"><iframe src=\"http:\/\/www.facebook.com\/plugins\/like.php?href=https%3A%2F%2Fwww.gillespichavant.com%2Fblog%2F2014%2F04%2F27%2Fle-journal-francais-le-plus-lu-a-letranger-nest-jamais-cite-dans-les-medias%2F&amp;layout=standard&amp;show_faces=false&amp;width=450&amp;action=like&amp;colorscheme=light\" scrolling=\"no\" frameborder=\"0\" allowTransparency=\"true\" style=\"border:none; overflow:hidden; width:450px; height:25px\"><\/iframe><\/div>\n<p><iframe loading=\"lazy\" src=\"\/\/www.youtube.com\/embed\/M6EyKFXsQfk\" width=\"640\" height=\"360\" frameborder=\"0\" allowfullscreen=\"allowfullscreen\"><\/iframe><\/p>\n<p>Bien qu&rsquo;il soit vendu \u00e0 plus d&rsquo;un million d&rsquo;exemplaires \u00e0 travers le monde et qu&rsquo;il est, d\u00e8s lors, le journal fran\u00e7ais le plus lu \u00e0 l&rsquo;\u00e9tranger, le mensuel <strong><em>Le Monde Diplomatiqu<\/em><em>e<\/em><\/strong> n&rsquo;est jamais cit\u00e9 dans les revues de presse fran\u00e7aises.<\/p>\n<p>\u00c9tonnant, non? Pierre Carles et ses acolytes ont tent\u00e9 de comprendre pourquoi<\/p>\n<p>R\u00e9alisation : Pierre Carles<br \/>\nInterviews : Julien Brygo, Nina Faure et Aurore Van Opstal<br \/>\n\u00c9talonnage : Pascal Blondela<br \/>\nMixage : Christophe H\u00e9ral<br \/>\nMontage : Gilles Bour<br \/>\nProduit par CP Productions (<a dir=\"ltr\" title=\"http:\/\/www.cp-productions.fr\" href=\"http:\/\/www.cp-productions.fr\/\" target=\"_blank\" rel=\"nofollow\">http:\/\/www.cp-productions.fr<\/a>) et Annie Gonzalez<\/p>\n","protected":false},"excerpt":{"rendered":"<p>Bien qu&rsquo;il soit vendu \u00e0 plus d&rsquo;un million d&rsquo;exemplaires \u00e0 travers le monde et qu&rsquo;il est, d\u00e8s lors, le journal fran\u00e7ais le plus lu \u00e0 l&rsquo;\u00e9tranger, le mensuel Le Monde Diplomatique n&rsquo;est jamais cit\u00e9 dans les revues de presse fran\u00e7aises.&hellip;<\/p>\n<p class=\"more-link-p\"><a class=\"more-link\" href=\"https:\/\/www.gillespichavant.com\/blog\/2014\/04\/27\/le-journal-francais-le-plus-lu-a-letranger-nest-jamais-cite-dans-les-medias\/\">Read more &rarr;<\/a><\/p>\n","protected":false},"author":1,"featured_media":0,"comment_status":"open","ping_status":"open","sticky":false,"template":"","format":"video","meta":{"footnotes":""},"categories":[73,4],"tags":[107,144],"class_list":["post-1062","post","type-post","status-publish","format-video","hentry","category-cinema","category-politique","tag-manipulation","tag-medias","post_format-post-format-video"],"_links":{"self":[{"href":"https:\/\/www.gillespichavant.com\/blog\/wp-json\/wp\/v2\/posts\/1062","targetHints":{"allow":["GET"]}}],"collection":[{"href":"https:\/\/www.gillespichavant.com\/blog\/wp-json\/wp\/v2\/posts"}],"about":[{"href":"https:\/\/www.gillespichavant.com\/blog\/wp-json\/wp\/v2\/types\/post"}],"author":[{"embeddable":true,"href":"https:\/\/www.gillespichavant.com\/blog\/wp-json\/wp\/v2\/users\/1"}],"replies":[{"embeddable":true,"href":"https:\/\/www.gillespichavant.com\/blog\/wp-json\/wp\/v2\/comments?post=1062"}],"version-history":[{"count":2,"href":"https:\/\/www.gillespichavant.com\/blog\/wp-json\/wp\/v2\/posts\/1062\/revisions"}],"predecessor-version":[{"id":1082,"href":"https:\/\/www.gillespichavant.com\/blog\/wp-json\/wp\/v2\/posts\/1062\/revisions\/1082"}],"wp:attachment":[{"href":"https:\/\/www.gillespichavant.com\/blog\/wp-json\/wp\/v2\/media?parent=1062"}],"wp:term":[{"taxonomy":"category","embeddable":true,"href":"https:\/\/www.gillespichavant.com\/blog\/wp-json\/wp\/v2\/categories?post=1062"},{"taxonomy":"post_tag","embeddable":true,"href":"https:\/\/www.gillespichavant.com\/blog\/wp-json\/wp\/v2\/tags?post=1062"}],"curies":[{"name":"wp","href":"https:\/\/api.w.org\/{rel}","templated":true}]}}