{"id":1131,"date":"2015-01-09T10:08:37","date_gmt":"2015-01-09T09:08:37","guid":{"rendered":"http:\/\/www.gillespichavant.com\/blog\/?p=1131"},"modified":"2015-01-09T10:11:06","modified_gmt":"2015-01-09T09:11:06","slug":"charb-jai-quasiment-toujours-cote-communiste","status":"publish","type":"post","link":"https:\/\/www.gillespichavant.com\/blog\/2015\/01\/09\/charb-jai-quasiment-toujours-cote-communiste\/","title":{"rendered":"Charb: j&rsquo;ai quasiment toujours cot\u00e9 communiste"},"content":{"rendered":"<div class=\"fblike_button\" style=\"margin: 10px 0;\"><iframe src=\"http:\/\/www.facebook.com\/plugins\/like.php?href=https%3A%2F%2Fwww.gillespichavant.com%2Fblog%2F2015%2F01%2F09%2Fcharb-jai-quasiment-toujours-cote-communiste%2F&amp;layout=standard&amp;show_faces=false&amp;width=450&amp;action=like&amp;colorscheme=light\" scrolling=\"no\" frameborder=\"0\" allowTransparency=\"true\" style=\"border:none; overflow:hidden; width:450px; height:25px\"><\/iframe><\/div>\n<p><strong><a href=\"https:\/\/www.gillespichavant.com\/blog\/wp-content\/uploads\/2015\/01\/Charb-votait-communiste.jpg\"><img loading=\"lazy\" decoding=\"async\" class=\"alignleft size-full wp-image-1132\" src=\"https:\/\/www.gillespichavant.com\/blog\/wp-content\/uploads\/2015\/01\/Charb-votait-communiste.jpg\" alt=\"Charb-votait-communiste\" width=\"979\" height=\"719\" srcset=\"https:\/\/www.gillespichavant.com\/blog\/wp-content\/uploads\/2015\/01\/Charb-votait-communiste.jpg 979w, https:\/\/www.gillespichavant.com\/blog\/wp-content\/uploads\/2015\/01\/Charb-votait-communiste-300x220.jpg 300w, https:\/\/www.gillespichavant.com\/blog\/wp-content\/uploads\/2015\/01\/Charb-votait-communiste-560x411.jpg 560w, https:\/\/www.gillespichavant.com\/blog\/wp-content\/uploads\/2015\/01\/Charb-votait-communiste-260x191.jpg 260w, https:\/\/www.gillespichavant.com\/blog\/wp-content\/uploads\/2015\/01\/Charb-votait-communiste-160x118.jpg 160w, https:\/\/www.gillespichavant.com\/blog\/wp-content\/uploads\/2015\/01\/Charb-votait-communiste-900x661.jpg 900w\" sizes=\"auto, (max-width: 979px) 100vw, 979px\" \/><\/a>Charb, le dessinateur et directeur de la publication de Charlie Hebdo \u00e9tait \u00a0l&rsquo;invit\u00e9, le 7 juin 2014, de la f\u00eate de l&rsquo;Humanit\u00e9, aux Argoulets, o\u00f9 il \u00e9tait venu d\u00e9battre sur le Front national. Interview.<\/strong><!--more--><\/p>\n<p><strong>Qu&rsquo;est-ce qui vous am\u00e8ne \u00e0 la f\u00eate de l&rsquo;Humanit\u00e9 \u00e0\u00a0Toulouse\u00a0?<\/strong><\/p>\n<p>J&rsquo;ai une vraie proximit\u00e9 avec l&rsquo;Humanit\u00e9, d&rsquo;abord parce que je dessine depuis longtemps d\u00e9j\u00e0 dans l&rsquo;\u00e9dition du dimanche et aussi en semaine, en plus de Charlie Hebdo. Je suis proche des id\u00e9es d\u00e9fendues ici et je connais bien Roselyne de la librairie de La Renaissance qui fait un boulot formidable. J&rsquo;ai r\u00e9pondu avec plaisir \u00e0 l&rsquo;invitation pour d\u00e9battre notamment sur le Front national.<\/p>\n<p><strong>Le communisme est-il encore une id\u00e9e neuve ?<\/strong><\/p>\n<p>Oui, bien s\u00fbr, je r\u00eave de l&rsquo;Union sovi\u00e9tique de l&rsquo;Union europ\u00e9enne. Pas sur le mod\u00e8le qui a fait faillite \u00e0 l&rsquo;Est, \u00e9videmment. Mais je crois que le communisme est une solution \u00e0 la crise. J&rsquo;en vois pas d&rsquo;autres. Je manque peut-\u00eatre d&rsquo;imagination, mais j&rsquo;ai quasiment toujours vot\u00e9 communiste. J&rsquo;ai juste failli prendre ma carte au Parti socialiste quand j&rsquo;\u00e9tais au lyc\u00e9e. Il faut dire que dans ma famille, on \u00e9tait plut\u00f4t PS.<\/p>\n<p><strong>Charlie Hebdo s&rsquo;est beaucoup investi dans le d\u00e9bat sur les caricatures de Mahomet, comment analysez-vous le ph\u00e9nom\u00e8ne jihadiste pr\u00e9gnant \u00e0 Toulouse ?<\/strong><\/p>\n<p>Personne ne conteste le ph\u00e9nom\u00e8ne de ces jeunes qui partent pour le Jihad, c&rsquo;est une r\u00e9alit\u00e9 et il y a un vrai danger. Mais je crois que le risque est sur\u00e9valu\u00e9 et qu&rsquo;ils ne sont pas si nombreux. On fait beaucoup plus de bruit autour de ce risque-l\u00e0 que sur le nombre de tu\u00e9s \u00e0 la Kalachnikov, \u00e0 Marseille. Il ne faut pas avoir peur plus que de raison. Il faut faire attention \u00e0 l&rsquo;aspect m\u00e9diatique, car \u00e0 force de raconter qu&rsquo;ils sont puissants, ils vont finir par l&rsquo;\u00eatre. Les m\u00e9dias peuvent conforter le ph\u00e9nom\u00e8ne et renforcer dans leur d\u00e9termination des individus qui sont d&rsquo;abord isol\u00e9s. Heureusement, pour une fois on ne fait pas l&rsquo;amalgame entre ces jihadistes et les musulmans.<\/p>\n<p><strong>Comment voyez-vous l&rsquo;avenir de la presse, notamment satirique ?<\/strong><\/p>\n<p>C&rsquo;est catastrophique. La crise s&rsquo;est rajout\u00e9e aux probl\u00e8mes qui existaient d\u00e9j\u00e0 avant. Je ne vois pas comment la presse papier peut s&rsquo;en sortir, d&rsquo;autant que la situation du r\u00e9seau de distribution se d\u00e9grade tr\u00e8s vite. Paradoxalement, \u00e0 Charlie Hebdo et dans la presse satirique en g\u00e9n\u00e9ral, on est plus prot\u00e9g\u00e9s, parce qu&rsquo;on est sur une niche o\u00f9 il y a peu de concurrence. Mais on vit difficilement, on a pas de r\u00e9serve. On va proposer une formule sur le net, mais \u00e7a ne compensera pas la baisse du papier.<\/p>\n<p><strong>Un message pour cette f\u00eate ?<\/strong><\/p>\n<p>Oui, un message d&rsquo;espoir. Je veux dire aux gens que la contestation la col\u00e8re, les critiques contre les \u00e9lites sont l\u00e9gitimes. Le probl\u00e8me, c&rsquo;est quand ils votent FN au lieu de voter PC. Ce que je ne comprends pas, c&rsquo;est qu&rsquo;on a le droit de critiquer l&rsquo;id\u00e9ologie et les politiques du FN, mais pas les \u00e9lecteurs. Ils souffrent sans doute, sont malheureux, d&rsquo;accord, mais pour moi, ce sont des salauds. La sp\u00e9cificit\u00e9 du vote FN, c&rsquo;est que c&rsquo;est d&rsquo;abord un vote raciste anti-immigr\u00e9s. Sinon, ils voteraient \u00e0 gauche&#8230;<\/p>\n<p><strong>source:\u00a0<\/strong><\/p>\n<p><strong>La D\u00e9p\u00eache du Midi &#8211; <a href=\"http:\/\/www.ladepeche.fr\/article\/2014\/06\/07\/1895795-charb-fete-humanite-communisme-solution-crise.html\">le 7 juin 2014<\/a><\/strong><\/p>\n","protected":false},"excerpt":{"rendered":"<p>Charb, le dessinateur et directeur de la publication de Charlie Hebdo \u00e9tait \u00a0l&rsquo;invit\u00e9, le 7 juin 2014, de la f\u00eate de l&rsquo;Humanit\u00e9, aux Argoulets, o\u00f9 il \u00e9tait venu d\u00e9battre sur le Front national. Interview.<\/p>\n<p class=\"more-link-p\"><a class=\"more-link\" href=\"https:\/\/www.gillespichavant.com\/blog\/2015\/01\/09\/charb-jai-quasiment-toujours-cote-communiste\/\">Read more &rarr;<\/a><\/p>\n","protected":false},"author":1,"featured_media":0,"comment_status":"closed","ping_status":"open","sticky":false,"template":"","format":"image","meta":{"footnotes":""},"categories":[121,4],"tags":[127,128],"class_list":["post-1131","post","type-post","status-publish","format-image","hentry","category-humour","category-politique","tag-charb","tag-charlie-hebdo","post_format-post-format-image"],"_links":{"self":[{"href":"https:\/\/www.gillespichavant.com\/blog\/wp-json\/wp\/v2\/posts\/1131","targetHints":{"allow":["GET"]}}],"collection":[{"href":"https:\/\/www.gillespichavant.com\/blog\/wp-json\/wp\/v2\/posts"}],"about":[{"href":"https:\/\/www.gillespichavant.com\/blog\/wp-json\/wp\/v2\/types\/post"}],"author":[{"embeddable":true,"href":"https:\/\/www.gillespichavant.com\/blog\/wp-json\/wp\/v2\/users\/1"}],"replies":[{"embeddable":true,"href":"https:\/\/www.gillespichavant.com\/blog\/wp-json\/wp\/v2\/comments?post=1131"}],"version-history":[{"count":2,"href":"https:\/\/www.gillespichavant.com\/blog\/wp-json\/wp\/v2\/posts\/1131\/revisions"}],"predecessor-version":[{"id":1134,"href":"https:\/\/www.gillespichavant.com\/blog\/wp-json\/wp\/v2\/posts\/1131\/revisions\/1134"}],"wp:attachment":[{"href":"https:\/\/www.gillespichavant.com\/blog\/wp-json\/wp\/v2\/media?parent=1131"}],"wp:term":[{"taxonomy":"category","embeddable":true,"href":"https:\/\/www.gillespichavant.com\/blog\/wp-json\/wp\/v2\/categories?post=1131"},{"taxonomy":"post_tag","embeddable":true,"href":"https:\/\/www.gillespichavant.com\/blog\/wp-json\/wp\/v2\/tags?post=1131"}],"curies":[{"name":"wp","href":"https:\/\/api.w.org\/{rel}","templated":true}]}}