{"id":1160,"date":"2015-10-25T21:41:08","date_gmt":"2015-10-25T20:41:08","guid":{"rendered":"http:\/\/www.gillespichavant.com\/blog\/?p=1160"},"modified":"2015-10-25T21:42:33","modified_gmt":"2015-10-25T20:42:33","slug":"marc-ferro-analyse-laveuglement-des-hommes-face-aux-bouleversements-du-monde","status":"publish","type":"post","link":"https:\/\/www.gillespichavant.com\/blog\/2015\/10\/25\/marc-ferro-analyse-laveuglement-des-hommes-face-aux-bouleversements-du-monde\/","title":{"rendered":"Marc Ferro analyse \u00ab\u00a0l&rsquo;aveuglement\u00a0\u00bb des hommes face aux bouleversements du monde"},"content":{"rendered":"<div class=\"fblike_button\" style=\"margin: 10px 0;\"><iframe src=\"http:\/\/www.facebook.com\/plugins\/like.php?href=https%3A%2F%2Fwww.gillespichavant.com%2Fblog%2F2015%2F10%2F25%2Fmarc-ferro-analyse-laveuglement-des-hommes-face-aux-bouleversements-du-monde%2F&amp;layout=standard&amp;show_faces=false&amp;width=450&amp;action=like&amp;colorscheme=light\" scrolling=\"no\" frameborder=\"0\" allowTransparency=\"true\" style=\"border:none; overflow:hidden; width:450px; height:25px\"><\/iframe><\/div>\n<div class=\"p402_premium\">\n<p><a href=\"https:\/\/www.gillespichavant.com\/blog\/wp-content\/uploads\/2015\/10\/Marc-Ferro.jpg\"><img loading=\"lazy\" decoding=\"async\" class=\"alignleft size-medium wp-image-1161\" src=\"https:\/\/www.gillespichavant.com\/blog\/wp-content\/uploads\/2015\/10\/Marc-Ferro-300x189.jpg\" alt=\"Marc Ferro\" width=\"300\" height=\"189\" srcset=\"https:\/\/www.gillespichavant.com\/blog\/wp-content\/uploads\/2015\/10\/Marc-Ferro-300x189.jpg 300w, https:\/\/www.gillespichavant.com\/blog\/wp-content\/uploads\/2015\/10\/Marc-Ferro-260x164.jpg 260w, https:\/\/www.gillespichavant.com\/blog\/wp-content\/uploads\/2015\/10\/Marc-Ferro-160x101.jpg 160w, https:\/\/www.gillespichavant.com\/blog\/wp-content\/uploads\/2015\/10\/Marc-Ferro.jpg 340w\" sizes=\"auto, (max-width: 300px) 100vw, 300px\" \/><\/a>Lu sur la <a href=\"http:\/\/www.ladepeche.fr\/article\/2015\/09\/23\/2183142-marc-ferro-analyse-aveuglement-hommes-face-bouleversements-monde.html\" target=\"_blank\">Lien vers la source de cet article sur LaDepeche. fr<\/a><\/p>\n<p>La fin du communisme, les attentats du 11 septembre: \u00ab\u00a0aucun de ces \u00e9v\u00e9nements n&rsquo;avait \u00e9t\u00e9 anticip\u00e9\u00a0\u00bb observe l&rsquo;historien Marc Ferro qui, \u00e0 bient\u00f4t 91 ans, revient dans son essai \u00ab\u00a0<em>L&rsquo;aveuglement<\/em>\u00ab\u00a0, sur ces bouleversements qui ont chang\u00e9 l&rsquo;ordre du monde.<\/p>\n<p><!--more--><\/p>\n<p>Jamais moralisateur mais se pla\u00e7ant, comme \u00e0 son habitude, sur le terrain de la p\u00e9dagogie, Marc Ferro explique cette c\u00e9cit\u00e9 par de nombreux facteurs.<\/p>\n<p>\u00ab\u00a0<em>Il y a le refus de prendre en compte la r\u00e9alit\u00e9, notamment par aveuglement id\u00e9ologique mais aussi, parfois, par simple inconscience<\/em>\u00ab\u00a0, dit le directeur d&rsquo;\u00e9tudes \u00e0 l&rsquo;Ecole des hautes \u00e9tudes en sciences sociales (EHESS) au cours d&rsquo;un entretien avec l&rsquo;AFP, chez lui pr\u00e8s de Paris.<\/p>\n<p>Aveugles, les Allemands se r\u00e9jouissant \u00e0 Berlin le 11 novembre 1918 car ils croient avoir gagn\u00e9 la guerre. Aveugles, les Fran\u00e7ais qui accueillent comme un h\u00e9ros Daladier au retour de Munich en 1938 car ils croient que la paix a \u00e9t\u00e9 sauvegard\u00e9e.<\/p>\n<p>Que ce soit la Premi\u00e8re Guerre mondiale que tout un chacun imaginait courte, la crise \u00e9conomique de 1929 que personne n&rsquo;avait pr\u00e9vue, la chute du Mur de Berlin et la fin de l&rsquo;Union sovi\u00e9tique consid\u00e9r\u00e9es comme impensables ou encore, plus r\u00e9cemment, l&rsquo;\u00e9mergence soudaine du fondamentalisme islamique radical, \u00ab\u00a0<em>aucun de ces \u00e9v\u00e9nements n&rsquo;avait \u00e9t\u00e9 anticip\u00e9<\/em>\u00ab\u00a0, soutient Marc Ferro.<\/p>\n<p>Mais l&rsquo;historien, codirecteur des Annales, ne se contente pas de ressasser le pass\u00e9 m\u00eame s&rsquo;il sert \u00e0 \u00e9clairer le pr\u00e9sent.<\/p>\n<p>Il n&rsquo;h\u00e9site pas \u00e0 prendre position pour \u00ab\u00a0<em>ne pas se tromper d&rsquo;ennemi<\/em>\u00a0\u00bb d\u00e9non\u00e7ant au passage les institutions europ\u00e9ennes et financi\u00e8res internationales en train d&rsquo;\u00e9touffer le droit des nations \u00e0 la souverainet\u00e9.<\/p>\n<p>\u00ab\u00a0<em>On continue \u00e0 ne pas prendre la mesure de ce qu&rsquo;on appelle le danger jihadiste<\/em>\u00ab\u00a0, estime ainsi l&rsquo;historien. \u00ab\u00a0<em>Il y a une sorte de d\u00e9ni sur l&rsquo;importance de l&rsquo;enjeu\u00a0\u00bb<\/em>, insiste-t-il.<\/p>\n<p>\u00ab\u00a0<em>Au fait, quel est aujourd&rsquo;hui en France l&rsquo;ennemi principal? Celui qui tue nos soldats en Afrique ou attire nos jeunes dans les rangs d&rsquo;un jihad global?<\/em>\u00ab\u00a0, se demande l&rsquo;historien dans son essai.<\/p>\n<h3><strong> \u00ab\u00a0<em>On conna\u00eet la suite<\/em>\u00a0\u00bb <\/strong><\/h3>\n<p>\u00ab\u00a0<em>Peut-\u00eatre que depuis un mois ou deux, on se trompe moins d&rsquo;ennemi<\/em>\u00a0\u00bb mais pourtant, regrette-t-il, pour \u00ab\u00a0ceux qui font l&rsquo;opinion\u00a0\u00bb, \u00ab\u00a0<em>notre ennemi c&rsquo;est Vladimir Poutine<\/em>\u00ab\u00a0.<\/p>\n<p>\u00ab\u00a0<em>Personnellement, je n&rsquo;ai aucune sympathie particuli\u00e8re pour Poutine, je vois tr\u00e8s bien son parcours et sa tentation autoritaire<\/em>\u00ab\u00a0, souligne Marc Ferro, consid\u00e9r\u00e9 comme un grand sp\u00e9cialiste de la Russie.<\/p>\n<p>Mais \u00ab\u00a0<em>cette UE si vive \u00e0 sanctionner Moscou, on s&rsquo;interroge sur l&rsquo;aide qu&rsquo;elle apporte \u00e0 la France l\u00e0 o\u00f9 celle-ci la prot\u00e8ge avec son sang et son argent<\/em>\u00ab\u00a0, dit-il en faisant r\u00e9f\u00e9rence aux sanctions d\u00e9cid\u00e9es par l&rsquo;Union europ\u00e9enne contre Moscou apr\u00e8s l&rsquo;annexion de la Crim\u00e9e et le soutien timide des Europ\u00e9ens aux op\u00e9rations de l&rsquo;arm\u00e9e fran\u00e7aise notamment dans la zone Sah\u00e9lo-saharienne.<\/p>\n<p>\u00ab\u00a0<em>N&rsquo;y a-t-il pas en France sur ce probl\u00e8me, une grande part d&rsquo;aveuglement?<\/em>\u00ab\u00a0, demande-t-il. \u00ab\u00a0<em>La Russie est peut-\u00eatre l&rsquo;ennemie pour les pays de l&rsquo;Est (de l&rsquo;UE) mais elle ne l&rsquo;est pas forc\u00e9ment pour la France<\/em>\u00ab\u00a0, affirme-t-il.<\/p>\n<p>L&rsquo;historien ne manie pas non plus la langue de bois quand il est question de d\u00e9fendre la \u00ab\u00a0<em>souverainet\u00e9<\/em>\u00ab\u00a0, terme \u00ab\u00a0<em>ringardis\u00e9 et tabou<\/em>\u00ab\u00a0.<\/p>\n<p>L&rsquo;historien, ancien r\u00e9sistant du Vercors, ne supporte pas l&rsquo;\u00e9volution de l&rsquo;UE.<\/p>\n<p>\u00ab\u00a0<em>Sous le couvert de progr\u00e8s \u00e9conomiques, plus ou moins hypoth\u00e9tiques, un certain nombre de pays se retrouvent +ficel\u00e9s+, de moins en moins libres de leurs mouvements, chapeaut\u00e9s d\u00e9sormais par un pouvoir exerc\u00e9 par la +tro\u00efka+ (BCE, FMI et Commission europ\u00e9enne) qui se substitue \u00e0 la souverainet\u00e9 +honnie+ des \u00c9tats membres, pourtant \u00c9tats-nations ind\u00e9pendants<\/em>\u00ab\u00a0, explique-t-il.<\/p>\n<p>La Gr\u00e8ce, contrainte d&rsquo;abandonner \u00ab\u00a0d<em>es bribes de souverainet\u00e9<\/em>\u00a0\u00bb se retrouve dans <em>\u00ab\u00a0la situation de ces soci\u00e9t\u00e9s que, nagu\u00e8re, les puissances colonisaient +pour leur bien+<\/em>\u00ab\u00a0, d\u00e9plore l&rsquo;historien qui pr\u00e9vient: \u00ab\u00a0<em>On conna\u00eet la suite<\/em>\u00ab\u00a0.<\/p>\n<\/div>\n<div class=\"article_author\">\u00a9 2015 AFP<\/div>\n","protected":false},"excerpt":{"rendered":"<p>Lu sur la Lien vers la source de cet article sur LaDepeche. fr La fin du communisme, les attentats du 11 septembre: \u00ab\u00a0aucun de ces \u00e9v\u00e9nements n&rsquo;avait \u00e9t\u00e9 anticip\u00e9\u00a0\u00bb observe l&rsquo;historien Marc Ferro qui, \u00e0 bient\u00f4t 91 ans, revient dans&hellip;<\/p>\n<p class=\"more-link-p\"><a class=\"more-link\" href=\"https:\/\/www.gillespichavant.com\/blog\/2015\/10\/25\/marc-ferro-analyse-laveuglement-des-hommes-face-aux-bouleversements-du-monde\/\">Read more &rarr;<\/a><\/p>\n","protected":false},"author":1,"featured_media":0,"comment_status":"closed","ping_status":"open","sticky":false,"template":"","format":"image","meta":{"footnotes":""},"categories":[19,3,4],"tags":[139],"class_list":["post-1160","post","type-post","status-publish","format-image","hentry","category-europe","category-histoire","category-politique","tag-europe","post_format-post-format-image"],"_links":{"self":[{"href":"https:\/\/www.gillespichavant.com\/blog\/wp-json\/wp\/v2\/posts\/1160","targetHints":{"allow":["GET"]}}],"collection":[{"href":"https:\/\/www.gillespichavant.com\/blog\/wp-json\/wp\/v2\/posts"}],"about":[{"href":"https:\/\/www.gillespichavant.com\/blog\/wp-json\/wp\/v2\/types\/post"}],"author":[{"embeddable":true,"href":"https:\/\/www.gillespichavant.com\/blog\/wp-json\/wp\/v2\/users\/1"}],"replies":[{"embeddable":true,"href":"https:\/\/www.gillespichavant.com\/blog\/wp-json\/wp\/v2\/comments?post=1160"}],"version-history":[{"count":3,"href":"https:\/\/www.gillespichavant.com\/blog\/wp-json\/wp\/v2\/posts\/1160\/revisions"}],"predecessor-version":[{"id":1164,"href":"https:\/\/www.gillespichavant.com\/blog\/wp-json\/wp\/v2\/posts\/1160\/revisions\/1164"}],"wp:attachment":[{"href":"https:\/\/www.gillespichavant.com\/blog\/wp-json\/wp\/v2\/media?parent=1160"}],"wp:term":[{"taxonomy":"category","embeddable":true,"href":"https:\/\/www.gillespichavant.com\/blog\/wp-json\/wp\/v2\/categories?post=1160"},{"taxonomy":"post_tag","embeddable":true,"href":"https:\/\/www.gillespichavant.com\/blog\/wp-json\/wp\/v2\/tags?post=1160"}],"curies":[{"name":"wp","href":"https:\/\/api.w.org\/{rel}","templated":true}]}}