{"id":1439,"date":"2021-06-10T09:22:12","date_gmt":"2021-06-10T08:22:12","guid":{"rendered":"http:\/\/www.gillespichavant.com\/blog\/?p=1439"},"modified":"2021-06-10T09:25:49","modified_gmt":"2021-06-10T08:25:49","slug":"internet-les-pannes-nont-pas-forcement-pour-origine-la-cybercriminalite","status":"publish","type":"post","link":"https:\/\/www.gillespichavant.com\/blog\/2021\/06\/10\/internet-les-pannes-nont-pas-forcement-pour-origine-la-cybercriminalite\/","title":{"rendered":"Internet: les pannes n&rsquo;ont pas forc\u00e9ment pour origine la cybercriminalit\u00e9"},"content":{"rendered":"<div class=\"fblike_button\" style=\"margin: 10px 0;\"><iframe src=\"http:\/\/www.facebook.com\/plugins\/like.php?href=https%3A%2F%2Fwww.gillespichavant.com%2Fblog%2F2021%2F06%2F10%2Finternet-les-pannes-nont-pas-forcement-pour-origine-la-cybercriminalite%2F&amp;layout=standard&amp;show_faces=false&amp;width=450&amp;action=like&amp;colorscheme=light\" scrolling=\"no\" frameborder=\"0\" allowTransparency=\"true\" style=\"border:none; overflow:hidden; width:450px; height:25px\"><\/iframe><\/div>\n<p>Le 8 juin 2021, une \u00e9norme panne d&rsquo;Internet a affect\u00e9 une s\u00e9rie d&rsquo;entreprises et de services, comme Amazon, Le Monde, L&rsquo;Obs, T\u00e9l\u00e9rama, Spotify, Twitch, le New York Times, The Guardian, CNN, la BBC, la Maison Blanche, le gouvernement britannique, ou encore Reddit et Paypal\u2026. <\/p>\n\n\n\n<p>La soci\u00e9t\u00e9 am\u00e9ricaine Fastly est responsable de la panne qui a affect\u00e9 le mardi 8 juin, vers midi, et pendant plusieurs heures ! Fastly a depuis d\u00e9clar\u00e9 que la cause de la panne \u00e9tait un bug logiciel  d\u00e9clench\u00e9 par une configuration utilisateur sp\u00e9cifique. <\/p>\n\n\n\n<p>Rapidement disparu des m\u00e9dias, et venant deux jours apr\u00e8s le plantage des num\u00e9ros d&rsquo;urgence chez Orange, l&rsquo;affaire pose pourtant toute une s\u00e9rie de questions; comme la mondialisation des h\u00e9bergements de sites, et ses effets sur la consommation \u00e9lectrique mondiale; comme la s\u00e9curisation des donn\u00e9es et des syst\u00e8mes; les effets de la privatisation du secteur des t\u00e9l\u00e9communications; etc.<\/p>\n\n\n\n<p>Imm\u00e9diatement, lorsque le sujet a \u00e9t\u00e9 trait\u00e9, c&rsquo;est le d\u00e9bat la cybercriminalit\u00e9 qui a pris le pas sur les probl\u00e8mes techniques pourtant av\u00e9r\u00e9s, comme lors de l&rsquo;\u00e9mission \u00ab\u00a028 minutes\u00a0\u00bb, le magazine d&rsquo;information d&rsquo;Arte,  le 9 juin 2021 apr\u00e8s 20h00. Des probl\u00e8mes techniques, du probl\u00e8me de la d\u00e9localisation des stockages Internet aux USA, le t\u00e9l\u00e9spectateur ne saura rien. Par contre sur la cybercriminalit\u00e9, qui \u00e9tait hors sujet par rapport \u00e0 l&rsquo;actualit\u00e9, on saura pr\u00e9tendument tout, sur ces m\u00e9chantes dictatures dont les \u00c9tats nous agresseraient en permanence, au point de modifier des votes \u00e9lectoraux.<\/p>\n\n\n\n<p>Mais on apprend tout de m\u00eame des choses dans ces d\u00e9bats pourtant tr\u00e8s encadr\u00e9s, et aux sp\u00e9cialistes issus des services sp\u00e9ciaux. \u00c0 une question d&rsquo;une journaliste qui \u00e9tait \u00ab si la Chine, la Cor\u00e9e du Nord, et la Russie, font des cyber attaques, est-ce que les pays occidentaux ne font rien ? \u00bb, la r\u00e9ponse d&rsquo;une pr\u00e9tendue sp\u00e9cialiste fut en substance: \u00ab du c\u00f4t\u00e9 des pays d\u00e9mocratiques, cela ne s\u2019appelle pas cyber attaques, mais \u00ab diplomatie offensive \u00bb \u00bb. Traduction: la cybercriminalit\u00e9 va dans les deux sens, et les pays occidentaux ne sont pas en reste.<\/p>\n\n\n\n<p><\/p>\n","protected":false},"excerpt":{"rendered":"<p>Le 8 juin 2021, une \u00e9norme panne d&rsquo;Internet a affect\u00e9 une s\u00e9rie d&rsquo;entreprises et de services, comme Amazon, Le Monde, L&rsquo;Obs, T\u00e9l\u00e9rama, Spotify, Twitch, le New York Times, The Guardian, CNN, la BBC, la Maison Blanche, le gouvernement britannique, ou&hellip;<\/p>\n<p class=\"more-link-p\"><a class=\"more-link\" href=\"https:\/\/www.gillespichavant.com\/blog\/2021\/06\/10\/internet-les-pannes-nont-pas-forcement-pour-origine-la-cybercriminalite\/\">Read more &rarr;<\/a><\/p>\n","protected":false},"author":1,"featured_media":0,"comment_status":"closed","ping_status":"open","sticky":false,"template":"","format":"standard","meta":{"footnotes":""},"categories":[217,47],"tags":[],"class_list":["post-1439","post","type-post","status-publish","format-standard","hentry","category-internet","category-medias"],"_links":{"self":[{"href":"https:\/\/www.gillespichavant.com\/blog\/wp-json\/wp\/v2\/posts\/1439","targetHints":{"allow":["GET"]}}],"collection":[{"href":"https:\/\/www.gillespichavant.com\/blog\/wp-json\/wp\/v2\/posts"}],"about":[{"href":"https:\/\/www.gillespichavant.com\/blog\/wp-json\/wp\/v2\/types\/post"}],"author":[{"embeddable":true,"href":"https:\/\/www.gillespichavant.com\/blog\/wp-json\/wp\/v2\/users\/1"}],"replies":[{"embeddable":true,"href":"https:\/\/www.gillespichavant.com\/blog\/wp-json\/wp\/v2\/comments?post=1439"}],"version-history":[{"count":2,"href":"https:\/\/www.gillespichavant.com\/blog\/wp-json\/wp\/v2\/posts\/1439\/revisions"}],"predecessor-version":[{"id":1441,"href":"https:\/\/www.gillespichavant.com\/blog\/wp-json\/wp\/v2\/posts\/1439\/revisions\/1441"}],"wp:attachment":[{"href":"https:\/\/www.gillespichavant.com\/blog\/wp-json\/wp\/v2\/media?parent=1439"}],"wp:term":[{"taxonomy":"category","embeddable":true,"href":"https:\/\/www.gillespichavant.com\/blog\/wp-json\/wp\/v2\/categories?post=1439"},{"taxonomy":"post_tag","embeddable":true,"href":"https:\/\/www.gillespichavant.com\/blog\/wp-json\/wp\/v2\/tags?post=1439"}],"curies":[{"name":"wp","href":"https:\/\/api.w.org\/{rel}","templated":true}]}}