{"id":292,"date":"2009-11-08T13:17:17","date_gmt":"2009-11-08T12:17:17","guid":{"rendered":"http:\/\/www.gillespichavant.com\/blog\/?p=292"},"modified":"2009-11-08T14:06:29","modified_gmt":"2009-11-08T13:06:29","slug":"le-choix-de-la-defaite","status":"publish","type":"post","link":"https:\/\/www.gillespichavant.com\/blog\/2009\/11\/08\/le-choix-de-la-defaite\/","title":{"rendered":"Le choix de la d\u00e9faite"},"content":{"rendered":"<div class=\"fblike_button\" style=\"margin: 10px 0;\"><iframe src=\"http:\/\/www.facebook.com\/plugins\/like.php?href=https%3A%2F%2Fwww.gillespichavant.com%2Fblog%2F2009%2F11%2F08%2Fle-choix-de-la-defaite%2F&amp;layout=standard&amp;show_faces=false&amp;width=450&amp;action=like&amp;colorscheme=light\" scrolling=\"no\" frameborder=\"0\" allowTransparency=\"true\" style=\"border:none; overflow:hidden; width:450px; height:25px\"><\/iframe><\/div>\n<p><em>Conf\u00e9rence d&rsquo;Annie Lacroix-Riz: les causes de la d\u00e9faite de 1940, ou \u00ab\u00a0Le choix de la d\u00e9faite\u00a0\u00bb.<\/em><\/p>\n<p>Quelles sont les causes de la d\u00e9faite fran\u00e7aise de 1940 ? Comment comprendre l\u2019engagement des banquiers et industriels dans la \u00a0\u00bb collaboration \u00e9conomique \u00a0\u00bb avec les Allemands entre la d\u00e9faite et la lib\u00e9ration de Paris sans s\u2019interroger sur la phase pr\u00e9c\u00e9dente ? Les classes dirigeantes fran\u00e7aises ont-elles planifi\u00e9 dans la d\u00e9cennie 1930, comme leurs homologues belges guid\u00e9es par la Banque nationale de Belgique, l\u2019occupation prochaine de leur pays par l\u2019Allemagne de Hitler ?<\/p>\n<p>\u00c0 la lumi\u00e8re d\u2019archives fran\u00e7aises et \u00e9trang\u00e8res, pour la plupart jamais encore d\u00e9pouill\u00e9es, Annie Lacroix-Riz revient sur les origines de Vichy. Un essai tr\u00e8s engag\u00e9, qui bouleverse notre connaissance de cette p\u00e9riode de l\u2019histoire de France et au-del\u00e0, des relations internationales. Cet ouvrage d\u00e9fend la th\u00e8se que les hommes de Vichy ont pr\u00e9par\u00e9 leur arriv\u00e9e au pouvoir et que la transformation des institutions, rendue n\u00e9cessaire par la crise, passait par la d\u00e9faite fran\u00e7aise. L\u2019ouvrage montre ainsi, dans une approche nouvelle, que les causes de l\u2019Occupation sont avant tout int\u00e9rieures. Il aborde la question de la nature des actions men\u00e9es de 1933 \u00e0 1939 en faveur de l\u2019axe Rome-Berlin. Surtout, il met en exergue le caract\u00e8re d\u00e9terminant de l\u2019\u00e9conomie dans le fonctionnement de la soci\u00e9t\u00e9 fran\u00e7aise des ann\u00e9es 30.<\/p>\n<p><em>[dailymotion]http:\/\/www.dailymotion.com\/video\/xztbh_le-choix-de-la-defaite[\/dailymotion]<\/em><\/p>\n<p>[Envoy\u00e9 par <a href=\"http:\/\/www.dailymotion.com\/worldhistoria\" target=\"_blank\">worldhistoria<\/a> ]<!--more-->[ <em>Reprise de l&rsquo;ancien site, date de publication initiale ant\u00e9rieure<\/em> ]<\/p>\n","protected":false},"excerpt":{"rendered":"<p>Conf\u00e9rence d&rsquo;Annie Lacroix-Riz: les causes de la d\u00e9faite de 1940, ou \u00ab\u00a0Le choix de la d\u00e9faite\u00a0\u00bb. Quelles sont les causes de la d\u00e9faite fran\u00e7aise de 1940 ? Comment comprendre l\u2019engagement des banquiers et industriels dans la \u00a0\u00bb collaboration \u00e9conomique \u00a0\u00bb&hellip;<\/p>\n<p class=\"more-link-p\"><a class=\"more-link\" href=\"https:\/\/www.gillespichavant.com\/blog\/2009\/11\/08\/le-choix-de-la-defaite\/\">Read more &rarr;<\/a><\/p>\n","protected":false},"author":1,"featured_media":0,"comment_status":"open","ping_status":"open","sticky":false,"template":"","format":"standard","meta":{"footnotes":""},"categories":[3],"tags":[12],"class_list":["post-292","post","type-post","status-publish","format-standard","hentry","category-histoire","tag-deuxieme-guerre-mondiale"],"_links":{"self":[{"href":"https:\/\/www.gillespichavant.com\/blog\/wp-json\/wp\/v2\/posts\/292","targetHints":{"allow":["GET"]}}],"collection":[{"href":"https:\/\/www.gillespichavant.com\/blog\/wp-json\/wp\/v2\/posts"}],"about":[{"href":"https:\/\/www.gillespichavant.com\/blog\/wp-json\/wp\/v2\/types\/post"}],"author":[{"embeddable":true,"href":"https:\/\/www.gillespichavant.com\/blog\/wp-json\/wp\/v2\/users\/1"}],"replies":[{"embeddable":true,"href":"https:\/\/www.gillespichavant.com\/blog\/wp-json\/wp\/v2\/comments?post=292"}],"version-history":[{"count":2,"href":"https:\/\/www.gillespichavant.com\/blog\/wp-json\/wp\/v2\/posts\/292\/revisions"}],"predecessor-version":[{"id":332,"href":"https:\/\/www.gillespichavant.com\/blog\/wp-json\/wp\/v2\/posts\/292\/revisions\/332"}],"wp:attachment":[{"href":"https:\/\/www.gillespichavant.com\/blog\/wp-json\/wp\/v2\/media?parent=292"}],"wp:term":[{"taxonomy":"category","embeddable":true,"href":"https:\/\/www.gillespichavant.com\/blog\/wp-json\/wp\/v2\/categories?post=292"},{"taxonomy":"post_tag","embeddable":true,"href":"https:\/\/www.gillespichavant.com\/blog\/wp-json\/wp\/v2\/tags?post=292"}],"curies":[{"name":"wp","href":"https:\/\/api.w.org\/{rel}","templated":true}]}}