{"id":336,"date":"2009-11-08T14:12:36","date_gmt":"2009-11-08T13:12:36","guid":{"rendered":"http:\/\/www.gillespichavant.com\/blog\/?p=336"},"modified":"2009-11-08T14:14:22","modified_gmt":"2009-11-08T13:14:22","slug":"le-droit-de-greve-est-une-liberte-individuelle","status":"publish","type":"post","link":"https:\/\/www.gillespichavant.com\/blog\/2009\/11\/08\/le-droit-de-greve-est-une-liberte-individuelle\/","title":{"rendered":"Le droit de gr\u00e8ve est une libert\u00e9 individuelle!"},"content":{"rendered":"<div class=\"fblike_button\" style=\"margin: 10px 0;\"><iframe src=\"http:\/\/www.facebook.com\/plugins\/like.php?href=https%3A%2F%2Fwww.gillespichavant.com%2Fblog%2F2009%2F11%2F08%2Fle-droit-de-greve-est-une-liberte-individuelle%2F&amp;layout=standard&amp;show_faces=false&amp;width=450&amp;action=like&amp;colorscheme=light\" scrolling=\"no\" frameborder=\"0\" allowTransparency=\"true\" style=\"border:none; overflow:hidden; width:450px; height:25px\"><\/iframe><\/div>\n<p><strong>Comme toutes les libert\u00e9s individuelles il faut la d\u00e9fendre !<\/strong><\/p>\n<p><strong><\/strong><strong>Le droit de gr\u00e8ve en France est:<\/strong><\/p>\n<ul>\n<li>un droit garanti par la Constitution<\/li>\n<li>un droit individuel des salari\u00e9s<\/li>\n<li>Bref, c&rsquo;est une libert\u00e9 individuelle<\/li>\n<\/ul>\n<p>A contrario de ce qui est annonc\u00e9 dans les m\u00e9dias et les politiciens r\u00e9actionnaires (= Sarkozistes), le droit de gr\u00e8ve n&rsquo;est pas un droit des organisations syndicales.<\/p>\n<p><strong>Le droit de gr\u00e8ve a \u00e9t\u00e9 reconnu \u00e0 la fin du XIX\u00e8me si\u00e8cle comme un droit individuel et de l\u00e9gitime d\u00e9fense, qui peut attenter \u00e0 d\u2019autres droits. <\/strong><\/p>\n<p>La Constitution de 1946, dont le pr\u00e9ambule a \u00e9t\u00e9 conserv\u00e9 comme Pr\u00e9ambule de la Constitution de 1958 (5\u00e8me R\u00e9publique) le consacre comme une libert\u00e9 fondamentale.<\/p>\n<p>Or, puisque le droit de gr\u00e8ve est un droit individuel, aucun salari\u00e9 ni aucun citoyen ne peut priver d\u2019autres salari\u00e9s de leur libert\u00e9 de faire gr\u00e8ve.<\/p>\n<p>Le droit de gr\u00e8ve est donc un droit individuel, m\u00eame s&rsquo;il est encadr\u00e9 jusqu\u2019\u00e0 maintenant par le pr\u00e9avis dans les services publics et la fonction publique (mais seulement l\u00e0).<\/p>\n<p><strong>Les salari\u00e9s exercent donc librement leur droit de gr\u00e8ve.<!--more--><\/strong>Il n&rsquo;est donc pas pensable d\u2019encadrer le droit de gr\u00e8ve au niveau individuel, qui plus est en portant atteinte \u00e0 la libert\u00e9 individuelle de faire gr\u00e8ve ou non.<\/p>\n<p>Il n&rsquo;est pas, non plus, pensable de figer, a priori, les salari\u00e9s dans leurs intentions. C&rsquo;est pourquoi le d\u00e9cret gouvernemental qui pr\u00e9voit un \u00ab accord de pr\u00e9visibilit\u00e9 de service \u00bb, dans lequel les salari\u00e9s seraient invit\u00e9s \u00e0 faire conna\u00eetre leur participation \u00e0 la gr\u00e8ve 48 heures \u00e0 l\u2019avance est liberticide.<\/p>\n<p>En outre, une telle demande est une pression exerc\u00e9e contre le salari\u00e9 pour le dissuader de faire gr\u00e8ve.<\/p>\n<p>Enfin, la jurisprudence de l\u2019Organisation internationale du travail (OIT) n\u2019admet le service minimum que lorsque des questions de sant\u00e9 et de s\u00e9curit\u00e9 sont en jeu. Pas en mati\u00e8re de transport, ni d\u2019\u00e9ducation.<\/p>\n<p>Le projet gouvernemental de limiter le droit de gr\u00e8ve est bien un projet liberticide.<\/p>\n<p>Attention: lorsque l&rsquo;on s&rsquo;attaque aux libert\u00e9s individuelles ce sont toutes les libert\u00e9s qui sont attaqu\u00e9es. C&rsquo;est pourquoi un tel projet doit \u00eatre combattu vigoureusement.<\/p>\n<p>[ <em>Reprise de l&rsquo;ancien site, date de publication initiale ant\u00e9rieure<\/em> ]<\/p>\n","protected":false},"excerpt":{"rendered":"<p>Comme toutes les libert\u00e9s individuelles il faut la d\u00e9fendre ! Le droit de gr\u00e8ve en France est: un droit garanti par la Constitution un droit individuel des salari\u00e9s Bref, c&rsquo;est une libert\u00e9 individuelle A contrario de ce qui est annonc\u00e9&hellip;<\/p>\n<p class=\"more-link-p\"><a class=\"more-link\" href=\"https:\/\/www.gillespichavant.com\/blog\/2009\/11\/08\/le-droit-de-greve-est-une-liberte-individuelle\/\">Read more &rarr;<\/a><\/p>\n","protected":false},"author":1,"featured_media":0,"comment_status":"open","ping_status":"open","sticky":false,"template":"","format":"standard","meta":{"footnotes":""},"categories":[8,4],"tags":[16],"class_list":["post-336","post","type-post","status-publish","format-standard","hentry","category-histoire-sociale","category-politique","tag-greve"],"_links":{"self":[{"href":"https:\/\/www.gillespichavant.com\/blog\/wp-json\/wp\/v2\/posts\/336","targetHints":{"allow":["GET"]}}],"collection":[{"href":"https:\/\/www.gillespichavant.com\/blog\/wp-json\/wp\/v2\/posts"}],"about":[{"href":"https:\/\/www.gillespichavant.com\/blog\/wp-json\/wp\/v2\/types\/post"}],"author":[{"embeddable":true,"href":"https:\/\/www.gillespichavant.com\/blog\/wp-json\/wp\/v2\/users\/1"}],"replies":[{"embeddable":true,"href":"https:\/\/www.gillespichavant.com\/blog\/wp-json\/wp\/v2\/comments?post=336"}],"version-history":[{"count":4,"href":"https:\/\/www.gillespichavant.com\/blog\/wp-json\/wp\/v2\/posts\/336\/revisions"}],"predecessor-version":[{"id":339,"href":"https:\/\/www.gillespichavant.com\/blog\/wp-json\/wp\/v2\/posts\/336\/revisions\/339"}],"wp:attachment":[{"href":"https:\/\/www.gillespichavant.com\/blog\/wp-json\/wp\/v2\/media?parent=336"}],"wp:term":[{"taxonomy":"category","embeddable":true,"href":"https:\/\/www.gillespichavant.com\/blog\/wp-json\/wp\/v2\/categories?post=336"},{"taxonomy":"post_tag","embeddable":true,"href":"https:\/\/www.gillespichavant.com\/blog\/wp-json\/wp\/v2\/tags?post=336"}],"curies":[{"name":"wp","href":"https:\/\/api.w.org\/{rel}","templated":true}]}}