{"id":347,"date":"2009-11-08T14:27:30","date_gmt":"2009-11-08T13:27:30","guid":{"rendered":"http:\/\/www.gillespichavant.com\/blog\/?p=347"},"modified":"2009-11-08T14:27:48","modified_gmt":"2009-11-08T13:27:48","slug":"bravo-les-irlandais","status":"publish","type":"post","link":"https:\/\/www.gillespichavant.com\/blog\/2009\/11\/08\/bravo-les-irlandais\/","title":{"rendered":"Bravo les Irlandais!"},"content":{"rendered":"<div class=\"fblike_button\" style=\"margin: 10px 0;\"><iframe src=\"http:\/\/www.facebook.com\/plugins\/like.php?href=https%3A%2F%2Fwww.gillespichavant.com%2Fblog%2F2009%2F11%2F08%2Fbravo-les-irlandais%2F&amp;layout=standard&amp;show_faces=false&amp;width=450&amp;action=like&amp;colorscheme=light\" scrolling=\"no\" frameborder=\"0\" allowTransparency=\"true\" style=\"border:none; overflow:hidden; width:450px; height:25px\"><\/iframe><\/div>\n<p>La derni\u00e8re d\u00e9mocratie d&rsquo;Europe, l&rsquo;Irlande, a donn\u00e9 la parole \u00e0 son peuple, et ce fut : <strong>NON<\/strong><\/p>\n<p><strong>Non<\/strong> au trait\u00e9 de domination ultra-capitaliste des peuples et au rabougrissement g\u00e9n\u00e9ral de la d\u00e9mocratie !<\/p>\n<p><strong>Non<\/strong> au trait\u00e9 de recul social !<\/p>\n<p><strong>Non<\/strong> \u00e0 la dictature des capitalistes !<\/p>\n<p><strong>Ce non est un  = OUI A LA LIBERT\u00c9  !<\/strong> <strong>Oui \u00e0 la Libert\u00e9 de Vivre ! Oui \u00e0 la Vie ! Oui \u00e0 la Paix ! Oui \u00e0 une meilleure r\u00e9partition des richesses! Oui \u00e0 une Europe au service des Peuples !<\/strong><\/p>\n<p><strong>Honte \u00e0 Sarkozy<\/strong> qui nous a priv\u00e9 de notre Libert\u00e9 de Citoyen de donner notre avis !<!--more--><\/p>\n<p>[ <em>Reprise de l&rsquo;ancien site, date de publication initiale ant\u00e9rieure\u00a0(20 juin 2008)<\/em> ]<\/p>\n","protected":false},"excerpt":{"rendered":"<p>La derni\u00e8re d\u00e9mocratie d&rsquo;Europe, l&rsquo;Irlande, a donn\u00e9 la parole \u00e0 son peuple, et ce fut : NON Non au trait\u00e9 de domination ultra-capitaliste des peuples et au rabougrissement g\u00e9n\u00e9ral de la d\u00e9mocratie ! Non au trait\u00e9 de recul social !&hellip;<\/p>\n<p class=\"more-link-p\"><a class=\"more-link\" href=\"https:\/\/www.gillespichavant.com\/blog\/2009\/11\/08\/bravo-les-irlandais\/\">Read more &rarr;<\/a><\/p>\n","protected":false},"author":1,"featured_media":0,"comment_status":"open","ping_status":"open","sticky":false,"template":"","format":"standard","meta":{"footnotes":""},"categories":[4],"tags":[139,20],"class_list":["post-347","post","type-post","status-publish","format-standard","hentry","category-politique","tag-europe","tag-irlande"],"_links":{"self":[{"href":"https:\/\/www.gillespichavant.com\/blog\/wp-json\/wp\/v2\/posts\/347","targetHints":{"allow":["GET"]}}],"collection":[{"href":"https:\/\/www.gillespichavant.com\/blog\/wp-json\/wp\/v2\/posts"}],"about":[{"href":"https:\/\/www.gillespichavant.com\/blog\/wp-json\/wp\/v2\/types\/post"}],"author":[{"embeddable":true,"href":"https:\/\/www.gillespichavant.com\/blog\/wp-json\/wp\/v2\/users\/1"}],"replies":[{"embeddable":true,"href":"https:\/\/www.gillespichavant.com\/blog\/wp-json\/wp\/v2\/comments?post=347"}],"version-history":[{"count":4,"href":"https:\/\/www.gillespichavant.com\/blog\/wp-json\/wp\/v2\/posts\/347\/revisions"}],"predecessor-version":[{"id":351,"href":"https:\/\/www.gillespichavant.com\/blog\/wp-json\/wp\/v2\/posts\/347\/revisions\/351"}],"wp:attachment":[{"href":"https:\/\/www.gillespichavant.com\/blog\/wp-json\/wp\/v2\/media?parent=347"}],"wp:term":[{"taxonomy":"category","embeddable":true,"href":"https:\/\/www.gillespichavant.com\/blog\/wp-json\/wp\/v2\/categories?post=347"},{"taxonomy":"post_tag","embeddable":true,"href":"https:\/\/www.gillespichavant.com\/blog\/wp-json\/wp\/v2\/tags?post=347"}],"curies":[{"name":"wp","href":"https:\/\/api.w.org\/{rel}","templated":true}]}}