{"id":404,"date":"2009-11-08T20:35:32","date_gmt":"2009-11-08T19:35:32","guid":{"rendered":"http:\/\/www.gillespichavant.com\/blog\/?p=404"},"modified":"2009-11-08T20:37:59","modified_gmt":"2009-11-08T19:37:59","slug":"cet-homme-est-dangereux","status":"publish","type":"post","link":"https:\/\/www.gillespichavant.com\/blog\/2009\/11\/08\/cet-homme-est-dangereux\/","title":{"rendered":"Cet homme est dangereux !"},"content":{"rendered":"<div class=\"fblike_button\" style=\"margin: 10px 0;\"><iframe src=\"http:\/\/www.facebook.com\/plugins\/like.php?href=https%3A%2F%2Fwww.gillespichavant.com%2Fblog%2F2009%2F11%2F08%2Fcet-homme-est-dangereux%2F&amp;layout=standard&amp;show_faces=false&amp;width=450&amp;action=like&amp;colorscheme=light\" scrolling=\"no\" frameborder=\"0\" allowTransparency=\"true\" style=\"border:none; overflow:hidden; width:450px; height:25px\"><\/iframe><\/div>\n<p><strong>Certains rigolent en regardant le proc\u00e8s Clearstream. Pas moi !<\/strong><\/p>\n<p>Lorsqu&rsquo;un individu est capable de dire qu&rsquo;il souhaite que son adversaire soit \u00ab\u00a0<strong>Pendu \u00e0 un croc de boucher<\/strong>\u00ab\u00a0, \u00e7a fait peur; oui, vraiment peur !<\/p>\n<p>Un homme tristement c\u00e9l\u00e8bre leader de d&rsquo;extr\u00eame droite, a tenu les m\u00eames propos en Allemagne au 1er tiers du 20e si\u00e8cle; lorsqu&rsquo;il a dit cette phrase on n&rsquo;a pas cru qu&rsquo;il irait jusque au bout de ses paroles : erreur ! Cet homme \u00e9tait Hitler !<br \/>\nFaire pendre \u00e0 des crocs de boucher ses adversaires, Hitler l&rsquo;a fait !<!--more--><\/p>\n<p>A mon avis, lorsqu&rsquo;un homme prof\u00e8re de telles horreurs (\u00ab\u00a0<strong>Pendu \u00e0 un croc de boucher<\/strong>\u00ab\u00a0), il est dangereux ! Oui, v\u00e9ritablement dangereux !<br \/>\nPas \u00e9tonnant alors que ses ministres tiennent des propos racistes.<\/p>\n<p>La Phrase \u00ab\u00a0Quand il y en a un, \u00e7a va. C&rsquo;est quand il y en a beaucoup qu&rsquo;il y a des probl\u00e8mes\u00a0\u00bb, elle aussi a \u00e9t\u00e9 prononc\u00e9e en Allemagne par le m\u00eame individu ; \u00e0 cette \u00e9poque il s&rsquo;agissait des juif ! Aujourd&rsquo;hui elle est prononc\u00e9e contre des originaire d&rsquo;Afrique du Nord, ou des musulmans, qui sont aujourd&rsquo;hui stigmatis\u00e9s de la m\u00eame mani\u00e8re.<br \/>\nIl s&rsquo;agit de racisme ! C&rsquo;est tr\u00e8s grave !<\/p>\n<p>Non il ne s&rsquo;agit pas de \u00ab\u00a0d\u00e9rapages\u00a0\u00bb; d&rsquo;ailleurs il y en a trop pour que ce soient des d\u00e9rapages; c&rsquo;est une v\u00e9ritable strat\u00e9gie; c&rsquo;est d\u00e9lib\u00e9r\u00e9; c&rsquo;est orchestr\u00e9 !<\/p>\n<p>En r\u00e9alit\u00e9 il s&rsquo;agit d&rsquo;ancrer la majorit\u00e9 pr\u00e9sidentielle \u00e0 l&rsquo;extr\u00eame droite, en raclant les fonds de tiroirs des \u00e9lecteurs de Le Pen, pour s&rsquo;assurer une victoire aux r\u00e9gionales de 2010 et r\u00e9lection en 2012, afin de poursuivre et aggraver la politique inhumaine que nous subissons.<\/p>\n<p>Il s&rsquo;agit de monter \u00e0 l&rsquo;extr\u00eame droite que le gouvernement est sur ses valeurs.<br \/>\nLe National Socialisme c&rsquo;\u00e9tait le racisme incarn\u00e9 ! On a vu les d\u00e9gats qu&rsquo;il a fait !<\/p>\n<p>Attention: la b\u00eate immonde est toujours l\u00e0, comme une hydre ; l&rsquo;oublier c&rsquo;est  h\u00e2ter sa r\u00e9surrection.<\/p>\n<p>Prenons garde que la banalisation, jointe \u00e0 des falsifications de l&rsquo;histoire, ne provoque son retour, et celui de ses crimes !<\/p>\n<p>Le d\u00e9mocrate aurait tort de sourire; s&rsquo;il veut survivre, il lui faut combattre.<\/p>\n<p>[ <em>Reprise de l&rsquo;ancien site, date de publication initiale ant\u00e9rieure<\/em> ]<\/p>\n","protected":false},"excerpt":{"rendered":"<p>Certains rigolent en regardant le proc\u00e8s Clearstream. Pas moi ! Lorsqu&rsquo;un individu est capable de dire qu&rsquo;il souhaite que son adversaire soit \u00ab\u00a0Pendu \u00e0 un croc de boucher\u00ab\u00a0, \u00e7a fait peur; oui, vraiment peur ! Un homme tristement c\u00e9l\u00e8bre leader&hellip;<\/p>\n<p class=\"more-link-p\"><a class=\"more-link\" href=\"https:\/\/www.gillespichavant.com\/blog\/2009\/11\/08\/cet-homme-est-dangereux\/\">Read more &rarr;<\/a><\/p>\n","protected":false},"author":1,"featured_media":0,"comment_status":"open","ping_status":"open","sticky":false,"template":"","format":"standard","meta":{"footnotes":""},"categories":[4],"tags":[35],"class_list":["post-404","post","type-post","status-publish","format-standard","hentry","category-politique","tag-clearstream"],"_links":{"self":[{"href":"https:\/\/www.gillespichavant.com\/blog\/wp-json\/wp\/v2\/posts\/404","targetHints":{"allow":["GET"]}}],"collection":[{"href":"https:\/\/www.gillespichavant.com\/blog\/wp-json\/wp\/v2\/posts"}],"about":[{"href":"https:\/\/www.gillespichavant.com\/blog\/wp-json\/wp\/v2\/types\/post"}],"author":[{"embeddable":true,"href":"https:\/\/www.gillespichavant.com\/blog\/wp-json\/wp\/v2\/users\/1"}],"replies":[{"embeddable":true,"href":"https:\/\/www.gillespichavant.com\/blog\/wp-json\/wp\/v2\/comments?post=404"}],"version-history":[{"count":5,"href":"https:\/\/www.gillespichavant.com\/blog\/wp-json\/wp\/v2\/posts\/404\/revisions"}],"predecessor-version":[{"id":408,"href":"https:\/\/www.gillespichavant.com\/blog\/wp-json\/wp\/v2\/posts\/404\/revisions\/408"}],"wp:attachment":[{"href":"https:\/\/www.gillespichavant.com\/blog\/wp-json\/wp\/v2\/media?parent=404"}],"wp:term":[{"taxonomy":"category","embeddable":true,"href":"https:\/\/www.gillespichavant.com\/blog\/wp-json\/wp\/v2\/categories?post=404"},{"taxonomy":"post_tag","embeddable":true,"href":"https:\/\/www.gillespichavant.com\/blog\/wp-json\/wp\/v2\/tags?post=404"}],"curies":[{"name":"wp","href":"https:\/\/api.w.org\/{rel}","templated":true}]}}