{"id":495,"date":"2010-10-18T15:58:42","date_gmt":"2010-10-18T14:58:42","guid":{"rendered":"http:\/\/www.gillespichavant.com\/blog\/?p=495"},"modified":"2010-10-18T17:24:28","modified_gmt":"2010-10-18T16:24:28","slug":"lavenir-appartient-a-ceux-qui-se-levent-tot","status":"publish","type":"post","link":"https:\/\/www.gillespichavant.com\/blog\/2010\/10\/18\/lavenir-appartient-a-ceux-qui-se-levent-tot\/","title":{"rendered":"L&rsquo;avenir appartient \u00e0 ceux qui se l\u00e8vent t\u00f4t"},"content":{"rendered":"<div class=\"fblike_button\" style=\"margin: 10px 0;\"><iframe src=\"http:\/\/www.facebook.com\/plugins\/like.php?href=https%3A%2F%2Fwww.gillespichavant.com%2Fblog%2F2010%2F10%2F18%2Flavenir-appartient-a-ceux-qui-se-levent-tot%2F&amp;layout=standard&amp;show_faces=false&amp;width=450&amp;action=like&amp;colorscheme=light\" scrolling=\"no\" frameborder=\"0\" allowTransparency=\"true\" style=\"border:none; overflow:hidden; width:450px; height:25px\"><\/iframe><\/div>\n<p>Distribution de tracts \u00e0 7h00 du matin, devant le rond point d&rsquo;Intermarch\u00e9 \u00e0 Dieppe.<\/p>\n<div style=\"text-align: center;\"><object id=\"wat_5273867\" classid=\"clsid:d27cdb6e-ae6d-11cf-96b8-444553540000\" width=\"480\" height=\"270\" codebase=\"http:\/\/download.macromedia.com\/pub\/shockwave\/cabs\/flash\/swflash.cab#version=6,0,40,0\"><param name=\"data\" value=\"http:\/\/www.wat.tv\/swf2\/152706nIc0K115273867\" \/><param name=\"allowScriptAccess\" value=\"always\" \/><param name=\"allowFullScreen\" value=\"true\" \/><param name=\"src\" value=\"http:\/\/www.wat.tv\/swf2\/152706nIc0K115273867\" \/><param name=\"allowfullscreen\" value=\"true\" \/><embed id=\"wat_5273867\" type=\"application\/x-shockwave-flash\" width=\"480\" height=\"270\" src=\"http:\/\/www.wat.tv\/swf2\/152706nIc0K115273867\" allowfullscreen=\"true\" allowscriptaccess=\"always\" data=\"http:\/\/www.wat.tv\/swf2\/152706nIc0K115273867\"><\/embed><\/object><\/div>\n<div class=\"watlinks\" style=\"width: 480px; font-size: 11px; background: none repeat scroll 0% 0% #cccccc; padding: 2px 0pt 4px; text-align: center;\"><a class=\"waturl\" title=\"Vid\u00e9o 18 octobre: distribution \u00e0 7h00 du matin sur wat.tv\" href=\"http:\/\/www.wat.tv\/video\/18-octobre-distribution-7h00-351cb_2gbvv_.html\" target=\"_blank\"><strong>18 octobre: distribution \u00e0 7h00 du matin<\/strong><\/a> Vid\u00e9o <a class=\"waturl altuser\" title=\"Retrouvez toutes les vid\u00e9os UL-CGT-Dieppe sur wat.tv\" href=\"http:\/\/www.wat.tv\/UL-CGT-Dieppe\">UL-CGT-Dieppe<\/a> s\u00e9lectionn\u00e9e dans <a class=\"waturl alttheme\" title=\"Toutes les vid\u00e9os Actualit\u00e9 sont sur wat.tv\" href=\"http:\/\/www.wat.tv\/guide\/actualite-info\">Actualit\u00e9<\/a><\/div>\n","protected":false},"excerpt":{"rendered":"<p>Distribution de tracts \u00e0 7h00 du matin, devant le rond point d&rsquo;Intermarch\u00e9 \u00e0 Dieppe. 18 octobre: distribution \u00e0 7h00 du matin Vid\u00e9o UL-CGT-Dieppe s\u00e9lectionn\u00e9e dans Actualit\u00e9<\/p>\n<p class=\"more-link-p\"><a class=\"more-link\" href=\"https:\/\/www.gillespichavant.com\/blog\/2010\/10\/18\/lavenir-appartient-a-ceux-qui-se-levent-tot\/\">Read more &rarr;<\/a><\/p>\n","protected":false},"author":1,"featured_media":0,"comment_status":"open","ping_status":"open","sticky":false,"template":"","format":"standard","meta":{"footnotes":""},"categories":[13],"tags":[10,143],"class_list":["post-495","post","type-post","status-publish","format-standard","hentry","category-syndicalisme","tag-cgt","tag-retraite"],"_links":{"self":[{"href":"https:\/\/www.gillespichavant.com\/blog\/wp-json\/wp\/v2\/posts\/495","targetHints":{"allow":["GET"]}}],"collection":[{"href":"https:\/\/www.gillespichavant.com\/blog\/wp-json\/wp\/v2\/posts"}],"about":[{"href":"https:\/\/www.gillespichavant.com\/blog\/wp-json\/wp\/v2\/types\/post"}],"author":[{"embeddable":true,"href":"https:\/\/www.gillespichavant.com\/blog\/wp-json\/wp\/v2\/users\/1"}],"replies":[{"embeddable":true,"href":"https:\/\/www.gillespichavant.com\/blog\/wp-json\/wp\/v2\/comments?post=495"}],"version-history":[{"count":4,"href":"https:\/\/www.gillespichavant.com\/blog\/wp-json\/wp\/v2\/posts\/495\/revisions"}],"predecessor-version":[{"id":499,"href":"https:\/\/www.gillespichavant.com\/blog\/wp-json\/wp\/v2\/posts\/495\/revisions\/499"}],"wp:attachment":[{"href":"https:\/\/www.gillespichavant.com\/blog\/wp-json\/wp\/v2\/media?parent=495"}],"wp:term":[{"taxonomy":"category","embeddable":true,"href":"https:\/\/www.gillespichavant.com\/blog\/wp-json\/wp\/v2\/categories?post=495"},{"taxonomy":"post_tag","embeddable":true,"href":"https:\/\/www.gillespichavant.com\/blog\/wp-json\/wp\/v2\/tags?post=495"}],"curies":[{"name":"wp","href":"https:\/\/api.w.org\/{rel}","templated":true}]}}