{"id":547,"date":"2011-01-17T19:42:23","date_gmt":"2011-01-17T18:42:23","guid":{"rendered":"http:\/\/www.gillespichavant.com\/blog\/?p=547"},"modified":"2011-01-17T19:42:23","modified_gmt":"2011-01-17T18:42:23","slug":"le-roman-de-la-crise-decrypte-par-michel-collon","status":"publish","type":"post","link":"https:\/\/www.gillespichavant.com\/blog\/2011\/01\/17\/le-roman-de-la-crise-decrypte-par-michel-collon\/","title":{"rendered":"Le \u00ab\u00a0Roman de la Crise\u00a0\u00bb d\u00e9crypt\u00e9 par Michel Collon"},"content":{"rendered":"<div class=\"fblike_button\" style=\"margin: 10px 0;\"><iframe src=\"http:\/\/www.facebook.com\/plugins\/like.php?href=https%3A%2F%2Fwww.gillespichavant.com%2Fblog%2F2011%2F01%2F17%2Fle-roman-de-la-crise-decrypte-par-michel-collon%2F&amp;layout=standard&amp;show_faces=false&amp;width=450&amp;action=like&amp;colorscheme=light\" scrolling=\"no\" frameborder=\"0\" allowTransparency=\"true\" style=\"border:none; overflow:hidden; width:450px; height:25px\"><\/iframe><\/div>\n<p style=\"text-align: center;\"><strong>C<\/strong>e 11 janvier 2011, France 2 nous a pr\u00e9sent\u00e9 <strong>\u00ab Le     Roman de la Crise \u00bb (Fric, krach et gueule de bois)<\/strong> sens\u00e9 nous expliquer les subprimes, les banques, la Bourse, le ch\u00f4mage,  le r\u00f4le de l\u2019\u00c9tat. Aid\u00e9 par un romancier (\u00c9ric     Orsenna) et un \u00e9conomiste (Daniel Cohen), un grand acteur de  th\u00e9\u00e2tre, Pierre Arditi, nostalgique des \u00ab trente glorieuses \u00bb nous a pr\u00e9sent\u00e9 une belle \u00e9mission. Enfin, nous allions tout comprendre     sur la crise ! Quelle histoire a-t-on voulu nous raconter dans ce \u00ab  Roman de la Crise \u00bb ? R\u00e9alit\u00e9 ou fiction ? <strong>Michel Collon     d\u00e9cortique<\/strong>.<\/p>\n<p style=\"text-align: center;\"><object classid=\"clsid:d27cdb6e-ae6d-11cf-96b8-444553540000\" width=\"480\" height=\"384\" codebase=\"http:\/\/download.macromedia.com\/pub\/shockwave\/cabs\/flash\/swflash.cab#version=6,0,40,0\"><param name=\"allowFullScreen\" value=\"true\" \/><param name=\"allowScriptAccess\" value=\"always\" \/><param name=\"src\" value=\"http:\/\/www.dailymotion.com\/swf\/video\/xgls3s_roman-de-la-crise-michel-collon-repond-a-france-2_news?additionalInfos=0\" \/><param name=\"allowfullscreen\" value=\"true\" \/><embed type=\"application\/x-shockwave-flash\" width=\"480\" height=\"384\" src=\"http:\/\/www.dailymotion.com\/swf\/video\/xgls3s_roman-de-la-crise-michel-collon-repond-a-france-2_news?additionalInfos=0\" allowscriptaccess=\"always\" allowfullscreen=\"true\"><\/embed><\/object><br \/>\n<strong><a href=\"http:\/\/www.dailymotion.com\/video\/xgls3s_roman-de-la-crise-michel-collon-repond-a-france-2_news\">Roman de la Crise : Michel Collon r\u00e9pond \u00e0 France 2<\/a><\/strong><br \/>\n<em>envoy\u00e9 par <a href=\"http:\/\/www.dailymotion.com\/babaluccio\">babaluccio<\/a>. &#8211; <a href=\"http:\/\/www.dailymotion.com\/fr\/channel\/news\" target=\"_self\">L&rsquo;info internationale vid\u00e9o.<\/a><\/em><\/p>\n","protected":false},"excerpt":{"rendered":"<p>Ce 11 janvier 2011, France 2 nous a pr\u00e9sent\u00e9 \u00ab Le Roman de la Crise \u00bb (Fric, krach et gueule de bois) sens\u00e9 nous expliquer les subprimes, les banques, la Bourse, le ch\u00f4mage, le r\u00f4le de l\u2019\u00c9tat. Aid\u00e9 par un&hellip;<\/p>\n<p class=\"more-link-p\"><a class=\"more-link\" href=\"https:\/\/www.gillespichavant.com\/blog\/2011\/01\/17\/le-roman-de-la-crise-decrypte-par-michel-collon\/\">Read more &rarr;<\/a><\/p>\n","protected":false},"author":1,"featured_media":0,"comment_status":"open","ping_status":"open","sticky":false,"template":"","format":"standard","meta":{"footnotes":""},"categories":[21,3,4,13],"tags":[140,27,31,24,22,25,30],"class_list":["post-547","post","type-post","status-publish","format-standard","hentry","category-economie","category-histoire","category-politique","category-syndicalisme","tag-capitalisme","tag-crise","tag-karl-marx","tag-nationalisation","tag-petrole","tag-privatisation","tag-subprime"],"_links":{"self":[{"href":"https:\/\/www.gillespichavant.com\/blog\/wp-json\/wp\/v2\/posts\/547","targetHints":{"allow":["GET"]}}],"collection":[{"href":"https:\/\/www.gillespichavant.com\/blog\/wp-json\/wp\/v2\/posts"}],"about":[{"href":"https:\/\/www.gillespichavant.com\/blog\/wp-json\/wp\/v2\/types\/post"}],"author":[{"embeddable":true,"href":"https:\/\/www.gillespichavant.com\/blog\/wp-json\/wp\/v2\/users\/1"}],"replies":[{"embeddable":true,"href":"https:\/\/www.gillespichavant.com\/blog\/wp-json\/wp\/v2\/comments?post=547"}],"version-history":[{"count":2,"href":"https:\/\/www.gillespichavant.com\/blog\/wp-json\/wp\/v2\/posts\/547\/revisions"}],"predecessor-version":[{"id":549,"href":"https:\/\/www.gillespichavant.com\/blog\/wp-json\/wp\/v2\/posts\/547\/revisions\/549"}],"wp:attachment":[{"href":"https:\/\/www.gillespichavant.com\/blog\/wp-json\/wp\/v2\/media?parent=547"}],"wp:term":[{"taxonomy":"category","embeddable":true,"href":"https:\/\/www.gillespichavant.com\/blog\/wp-json\/wp\/v2\/categories?post=547"},{"taxonomy":"post_tag","embeddable":true,"href":"https:\/\/www.gillespichavant.com\/blog\/wp-json\/wp\/v2\/tags?post=547"}],"curies":[{"name":"wp","href":"https:\/\/api.w.org\/{rel}","templated":true}]}}