{"id":953,"date":"2013-01-31T19:01:15","date_gmt":"2013-01-31T18:01:15","guid":{"rendered":"http:\/\/www.gillespichavant.com\/blog\/?p=953"},"modified":"2013-01-31T19:01:58","modified_gmt":"2013-01-31T18:01:58","slug":"je-serai-place-stalingrad-a-paris-le-2-fevrier-15h00","status":"publish","type":"post","link":"https:\/\/www.gillespichavant.com\/blog\/2013\/01\/31\/je-serai-place-stalingrad-a-paris-le-2-fevrier-15h00\/","title":{"rendered":"Je serai place Stalingrad \u00e0 Paris, le 2 f\u00e9vrier 15h00 !"},"content":{"rendered":"<div class=\"fblike_button\" style=\"margin: 10px 0;\"><iframe src=\"http:\/\/www.facebook.com\/plugins\/like.php?href=https%3A%2F%2Fwww.gillespichavant.com%2Fblog%2F2013%2F01%2F31%2Fje-serai-place-stalingrad-a-paris-le-2-fevrier-15h00%2F&amp;layout=standard&amp;show_faces=false&amp;width=450&amp;action=like&amp;colorscheme=light\" scrolling=\"no\" frameborder=\"0\" allowTransparency=\"true\" style=\"border:none; overflow:hidden; width:450px; height:25px\"><\/iframe><\/div>\n<p data-ft=\"{&quot;type&quot;:1,&quot;tn&quot;:&quot;K&quot;}\">Comme rien n\u2019est organis\u00e9 \u00e0 Dieppe pour c\u00e9l\u00e9brer le 70e anniversaire de la Victoire de Stalingrad, j\u2019irai donc \u00e0 Paris samedi apr\u00e8s-midi \u00e0 15h00, place Stalingrad !<br \/>\nCar je suis de ceux qui continuent \u00e0 penser que notre libert\u00e9 doit beaucoup \u00e0 cette victoire.<br \/>\n6 mois de combats, des millions de morts, pour stopper la b\u00eate immonde, faire reculer le racisme et la barbarie, cela m\u00e9rite autre chose que l\u2019oubli.<br \/>\nJe suis de ceux qui consid\u00e8rent que le pr\u00e9ambule de la Constitution de la Ve R\u00e9publique, qui reste celui de la constitution de 1946, pr\u00e9ambule que les gaullistes de 1958 n\u2019ont pas pu effacer, lui doit beaucoup.<!--more--><br \/>\nCe pr\u00e9ambule commence d\u2019ailleurs par : \u00ab 1. Au lendemain de la victoire remport\u00e9e par les peuples libres sur les r\u00e9gimes qui ont tent\u00e9 d&rsquo;asservir et de d\u00e9grader la personne humaine, le peuple fran\u00e7ais proclame \u00e0 nouveau que tout \u00eatre humain, sans distinction de race, de religion ni de croyance, poss\u00e8de des droits inali\u00e9nables et sacr\u00e9s. Il r\u00e9affirme solennellement les droits et libert\u00e9s de l&rsquo;homme et du citoyen consacr\u00e9s par la D\u00e9claration des droits de 1789 et les principes fondamentaux reconnus par les lois de la R\u00e9publique. \u00bb<br \/>\nCe sont mes fondamentaux et mes valeurs ! C\u2019est le fondement de mon engagement !<br \/>\nCar je suis de ceux qui continuent de consid\u00e9rer que la S\u00e9curit\u00e9 Sociale (m\u00eame avec ce qu\u2019il en reste), les retraites (m\u00eame avec ce qu\u2019il en reste), le salaire minimum et m\u00eame le RMI et le RSA, les statuts et conventions collectives, le droit syndical et le droit de gr\u00e8ve, doivent beaucoup \u00e0 cette victoire de Stalingrad.<br \/>\nEt s\u2019il n\u2019y avait que pour cela, j\u2019irai aussi en souvenir des trois amis de mon p\u00e8re, 3 jeunes de son groupe de FTP, morts pour la France car tortur\u00e9s dans les ge\u00f4les nazies parce qu\u2019ils n\u2019avaient pas eu sa chance, et dont le nom est sur le monument de Penmarch dans le Finist\u00e8re.<br \/>\nCordialement<\/p>\n","protected":false},"excerpt":{"rendered":"<p>Comme rien n\u2019est organis\u00e9 \u00e0 Dieppe pour c\u00e9l\u00e9brer le 70e anniversaire de la Victoire de Stalingrad, j\u2019irai donc \u00e0 Paris samedi apr\u00e8s-midi \u00e0 15h00, place Stalingrad ! Car je suis de ceux qui continuent \u00e0 penser que notre libert\u00e9 doit&hellip;<\/p>\n<p class=\"more-link-p\"><a class=\"more-link\" href=\"https:\/\/www.gillespichavant.com\/blog\/2013\/01\/31\/je-serai-place-stalingrad-a-paris-le-2-fevrier-15h00\/\">Read more &rarr;<\/a><\/p>\n","protected":false},"author":1,"featured_media":0,"comment_status":"open","ping_status":"open","sticky":false,"template":"","format":"standard","meta":{"footnotes":""},"categories":[4,7,13],"tags":[77,142],"class_list":["post-953","post","type-post","status-publish","format-standard","hentry","category-politique","category-resistance","category-syndicalisme","tag-droit-de-greve","tag-liberte"],"_links":{"self":[{"href":"https:\/\/www.gillespichavant.com\/blog\/wp-json\/wp\/v2\/posts\/953","targetHints":{"allow":["GET"]}}],"collection":[{"href":"https:\/\/www.gillespichavant.com\/blog\/wp-json\/wp\/v2\/posts"}],"about":[{"href":"https:\/\/www.gillespichavant.com\/blog\/wp-json\/wp\/v2\/types\/post"}],"author":[{"embeddable":true,"href":"https:\/\/www.gillespichavant.com\/blog\/wp-json\/wp\/v2\/users\/1"}],"replies":[{"embeddable":true,"href":"https:\/\/www.gillespichavant.com\/blog\/wp-json\/wp\/v2\/comments?post=953"}],"version-history":[{"count":3,"href":"https:\/\/www.gillespichavant.com\/blog\/wp-json\/wp\/v2\/posts\/953\/revisions"}],"predecessor-version":[{"id":956,"href":"https:\/\/www.gillespichavant.com\/blog\/wp-json\/wp\/v2\/posts\/953\/revisions\/956"}],"wp:attachment":[{"href":"https:\/\/www.gillespichavant.com\/blog\/wp-json\/wp\/v2\/media?parent=953"}],"wp:term":[{"taxonomy":"category","embeddable":true,"href":"https:\/\/www.gillespichavant.com\/blog\/wp-json\/wp\/v2\/categories?post=953"},{"taxonomy":"post_tag","embeddable":true,"href":"https:\/\/www.gillespichavant.com\/blog\/wp-json\/wp\/v2\/tags?post=953"}],"curies":[{"name":"wp","href":"https:\/\/api.w.org\/{rel}","templated":true}]}}